[{"@context":"https:\/\/schema.org\/","@type":"Blog","@id":"https:\/\/www.bioeden.cz#Blog","headline":"Bio Eden","description":"\nNa na\u0161em webu nejsme \u201abarvoslep\u00ed\u2018. Co je \u010dern\u00e9, to je \u010dern\u00e9, co je b\u00edl\u00e9, to je b\u00edl\u00e9. Neukazujeme v\u0161e ani \u010dern\u011b, ani r\u016f\u017eov\u011b, nen\u00ed-li to zrovna takov\u00e9.","url":"https:\/\/www.bioeden.cz","hasPart":[{"@type":"Article","@id":"https:\/\/www.bioeden.cz\/kvalitni-vrata\/","headline":"Kvalitn\u00ed vrata","url":"https:\/\/www.bioeden.cz\/kvalitni-vrata\/","datePublished":"2025-06-28","dateModified":"2025-06-28","mainEntityOfPage":"https:\/\/www.bioeden.cz\/kvalitni-vrata\/","author":{"@type":"Person","@id":"https:\/\/www.bioeden.cz\/author\/#Person","name":"","url":"https:\/\/www.bioeden.cz\/author\/","identifier":1,"image":{"@type":"ImageObject","@id":"https:\/\/secure.gravatar.com\/avatar\/87132efef9f5972c3e770e1fb0907fb3dcc1311f82da5f30bffbae0bd81cf8c0?s=96&d=mm&r=g","url":"https:\/\/secure.gravatar.com\/avatar\/87132efef9f5972c3e770e1fb0907fb3dcc1311f82da5f30bffbae0bd81cf8c0?s=96&d=mm&r=g","height":96,"width":96}},"publisher":{"@type":"Organization","name":"bioeden.cz","logo":{"@type":"ImageObject","@id":"\/logo.png","url":"\/logo.png","width":600,"height":60}},"image":{"@type":"ImageObject","@id":"https:\/\/www.bioeden.cz\/wp-content\/uploads\/car-3504910_640_1.jpg","url":"https:\/\/www.bioeden.cz\/wp-content\/uploads\/car-3504910_640_1.jpg","height":0,"width":0},"wordCount":531,"keywords":null},{"@type":"Article","@id":"https:\/\/www.bioeden.cz\/kam-na-dovolenou\/","headline":"Kam na dovolenou","url":"https:\/\/www.bioeden.cz\/kam-na-dovolenou\/","datePublished":"2025-06-05","dateModified":"2025-06-05","mainEntityOfPage":"https:\/\/www.bioeden.cz\/kam-na-dovolenou\/","author":{"@type":"Person","@id":"https:\/\/www.bioeden.cz\/author\/#Person","name":"","url":"https:\/\/www.bioeden.cz\/author\/","identifier":1,"image":{"@type":"ImageObject","@id":"https:\/\/secure.gravatar.com\/avatar\/87132efef9f5972c3e770e1fb0907fb3dcc1311f82da5f30bffbae0bd81cf8c0?s=96&d=mm&r=g","url":"https:\/\/secure.gravatar.com\/avatar\/87132efef9f5972c3e770e1fb0907fb3dcc1311f82da5f30bffbae0bd81cf8c0?s=96&d=mm&r=g","height":96,"width":96}},"publisher":{"@type":"Organization","name":"bioeden.cz","logo":{"@type":"ImageObject","@id":"\/logo.png","url":"\/logo.png","width":600,"height":60}},"image":{"@type":"ImageObject","@id":"https:\/\/www.bioeden.cz\/wp-content\/uploads\/forest-5245917_640_1.jpg","url":"https:\/\/www.bioeden.cz\/wp-content\/uploads\/forest-5245917_640_1.jpg","height":0,"width":0},"wordCount":599,"keywords":null},{"@type":"Article","@id":"https:\/\/www.bioeden.cz\/nabizime-originalitu-a-variabilitu\/","headline":"Nab\u00edz\u00edme originalitu a variabilitu","url":"https:\/\/www.bioeden.cz\/nabizime-originalitu-a-variabilitu\/","datePublished":"2025-04-21","dateModified":"2025-04-21","mainEntityOfPage":"https:\/\/www.bioeden.cz\/nabizime-originalitu-a-variabilitu\/","author":{"@type":"Person","@id":"https:\/\/www.bioeden.cz\/author\/#Person","name":"","url":"https:\/\/www.bioeden.cz\/author\/","identifier":1,"image":{"@type":"ImageObject","@id":"https:\/\/secure.gravatar.com\/avatar\/87132efef9f5972c3e770e1fb0907fb3dcc1311f82da5f30bffbae0bd81cf8c0?s=96&d=mm&r=g","url":"https:\/\/secure.gravatar.com\/avatar\/87132efef9f5972c3e770e1fb0907fb3dcc1311f82da5f30bffbae0bd81cf8c0?s=96&d=mm&r=g","height":96,"width":96}},"publisher":{"@type":"Organization","name":"bioeden.cz","logo":{"@type":"ImageObject","@id":"\/logo.png","url":"\/logo.png","width":600,"height":60}},"image":null,"wordCount":239,"keywords":null},{"@type":"Article","@id":"https:\/\/www.bioeden.cz\/porizujeme-si-krbove-topeni\/","headline":"Po\u0159izujeme si krbov\u00e9 topen\u00ed","url":"https:\/\/www.bioeden.cz\/porizujeme-si-krbove-topeni\/","datePublished":"2025-04-19","dateModified":"2025-04-19","mainEntityOfPage":"https:\/\/www.bioeden.cz\/porizujeme-si-krbove-topeni\/","author":{"@type":"Person","@id":"https:\/\/www.bioeden.cz\/author\/#Person","name":"","url":"https:\/\/www.bioeden.cz\/author\/","identifier":1,"image":{"@type":"ImageObject","@id":"https:\/\/secure.gravatar.com\/avatar\/87132efef9f5972c3e770e1fb0907fb3dcc1311f82da5f30bffbae0bd81cf8c0?s=96&d=mm&r=g","url":"https:\/\/secure.gravatar.com\/avatar\/87132efef9f5972c3e770e1fb0907fb3dcc1311f82da5f30bffbae0bd81cf8c0?s=96&d=mm&r=g","height":96,"width":96}},"publisher":{"@type":"Organization","name":"bioeden.cz","logo":{"@type":"ImageObject","@id":"\/logo.png","url":"\/logo.png","width":600,"height":60}},"image":{"@type":"ImageObject","@id":"https:\/\/www.bioeden.cz\/wp-content\/uploads\/christmas-wallpaper-1979674_640_1.jpg","url":"https:\/\/www.bioeden.cz\/wp-content\/uploads\/christmas-wallpaper-1979674_640_1.jpg","height":0,"width":0},"wordCount":646,"keywords":null},{"@type":"Article","@id":"https:\/\/www.bioeden.cz\/jak-jste-na-tom-s-povrchem-po-kterem-chodite\/","headline":"Jak jste na tom s povrchem, po kter\u00e9m chod\u00edte?","url":"https:\/\/www.bioeden.cz\/jak-jste-na-tom-s-povrchem-po-kterem-chodite\/","datePublished":"2025-04-17","dateModified":"2025-04-17","mainEntityOfPage":"https:\/\/www.bioeden.cz\/jak-jste-na-tom-s-povrchem-po-kterem-chodite\/","author":{"@type":"Person","@id":"https:\/\/www.bioeden.cz\/author\/#Person","name":"","url":"https:\/\/www.bioeden.cz\/author\/","identifier":1,"image":{"@type":"ImageObject","@id":"https:\/\/secure.gravatar.com\/avatar\/87132efef9f5972c3e770e1fb0907fb3dcc1311f82da5f30bffbae0bd81cf8c0?s=96&d=mm&r=g","url":"https:\/\/secure.gravatar.com\/avatar\/87132efef9f5972c3e770e1fb0907fb3dcc1311f82da5f30bffbae0bd81cf8c0?s=96&d=mm&r=g","height":96,"width":96}},"publisher":{"@type":"Organization","name":"bioeden.cz","logo":{"@type":"ImageObject","@id":"\/logo.png","url":"\/logo.png","width":600,"height":60}},"image":null,"wordCount":210,"keywords":null},{"@type":"Article","@id":"https:\/\/www.bioeden.cz\/v-americkem-duchu\/","headline":"V americk\u00e9m duchu","url":"https:\/\/www.bioeden.cz\/v-americkem-duchu\/","datePublished":"2025-04-08","dateModified":"2025-04-08","mainEntityOfPage":"https:\/\/www.bioeden.cz\/v-americkem-duchu\/","author":{"@type":"Person","@id":"https:\/\/www.bioeden.cz\/author\/#Person","name":"","url":"https:\/\/www.bioeden.cz\/author\/","identifier":1,"image":{"@type":"ImageObject","@id":"https:\/\/secure.gravatar.com\/avatar\/87132efef9f5972c3e770e1fb0907fb3dcc1311f82da5f30bffbae0bd81cf8c0?s=96&d=mm&r=g","url":"https:\/\/secure.gravatar.com\/avatar\/87132efef9f5972c3e770e1fb0907fb3dcc1311f82da5f30bffbae0bd81cf8c0?s=96&d=mm&r=g","height":96,"width":96}},"publisher":{"@type":"Organization","name":"bioeden.cz","logo":{"@type":"ImageObject","@id":"\/logo.png","url":"\/logo.png","width":600,"height":60}},"image":null,"wordCount":211,"keywords":null},{"@type":"Article","@id":"https:\/\/www.bioeden.cz\/zarovka-budoucnosti\/","headline":"\u017d\u00e1rovka budoucnosti","url":"https:\/\/www.bioeden.cz\/zarovka-budoucnosti\/","datePublished":"2025-04-02","dateModified":"2025-04-02","mainEntityOfPage":"https:\/\/www.bioeden.cz\/zarovka-budoucnosti\/","author":{"@type":"Person","@id":"https:\/\/www.bioeden.cz\/author\/#Person","name":"","url":"https:\/\/www.bioeden.cz\/author\/","identifier":1,"image":{"@type":"ImageObject","@id":"https:\/\/secure.gravatar.com\/avatar\/87132efef9f5972c3e770e1fb0907fb3dcc1311f82da5f30bffbae0bd81cf8c0?s=96&d=mm&r=g","url":"https:\/\/secure.gravatar.com\/avatar\/87132efef9f5972c3e770e1fb0907fb3dcc1311f82da5f30bffbae0bd81cf8c0?s=96&d=mm&r=g","height":96,"width":96}},"publisher":{"@type":"Organization","name":"bioeden.cz","logo":{"@type":"ImageObject","@id":"\/logo.png","url":"\/logo.png","width":600,"height":60}},"image":null,"wordCount":214,"keywords":null},{"@type":"Article","@id":"https:\/\/www.bioeden.cz\/nutnost-nebo-relax\/","headline":"Nutnost nebo relax?","url":"https:\/\/www.bioeden.cz\/nutnost-nebo-relax\/","datePublished":"2025-03-29","dateModified":"2025-03-29","mainEntityOfPage":"https:\/\/www.bioeden.cz\/nutnost-nebo-relax\/","author":{"@type":"Person","@id":"https:\/\/www.bioeden.cz\/author\/#Person","name":"","url":"https:\/\/www.bioeden.cz\/author\/","identifier":1,"image":{"@type":"ImageObject","@id":"https:\/\/secure.gravatar.com\/avatar\/87132efef9f5972c3e770e1fb0907fb3dcc1311f82da5f30bffbae0bd81cf8c0?s=96&d=mm&r=g","url":"https:\/\/secure.gravatar.com\/avatar\/87132efef9f5972c3e770e1fb0907fb3dcc1311f82da5f30bffbae0bd81cf8c0?s=96&d=mm&r=g","height":96,"width":96}},"publisher":{"@type":"Organization","name":"bioeden.cz","logo":{"@type":"ImageObject","@id":"\/logo.png","url":"\/logo.png","width":600,"height":60}},"image":{"@type":"ImageObject","@id":"https:\/\/www.bioeden.cz\/wp-content\/uploads\/barber-shop-6797941_640_3.jpg","url":"https:\/\/www.bioeden.cz\/wp-content\/uploads\/barber-shop-6797941_640_3.jpg","height":0,"width":0},"wordCount":561,"keywords":null},{"@type":"Article","@id":"https:\/\/www.bioeden.cz\/pro-vas-jen-nejlepsi-chaty-a-chalupy-k-pronajmuti\/","headline":"Pro V\u00e1s jen nejlep\u0161\u00ed chaty a chalupy k\u00a0pronajmut\u00ed","url":"https:\/\/www.bioeden.cz\/pro-vas-jen-nejlepsi-chaty-a-chalupy-k-pronajmuti\/","datePublished":"2025-03-24","dateModified":"2025-03-24","mainEntityOfPage":"https:\/\/www.bioeden.cz\/pro-vas-jen-nejlepsi-chaty-a-chalupy-k-pronajmuti\/","author":{"@type":"Person","@id":"https:\/\/www.bioeden.cz\/author\/#Person","name":"","url":"https:\/\/www.bioeden.cz\/author\/","identifier":1,"image":{"@type":"ImageObject","@id":"https:\/\/secure.gravatar.com\/avatar\/87132efef9f5972c3e770e1fb0907fb3dcc1311f82da5f30bffbae0bd81cf8c0?s=96&d=mm&r=g","url":"https:\/\/secure.gravatar.com\/avatar\/87132efef9f5972c3e770e1fb0907fb3dcc1311f82da5f30bffbae0bd81cf8c0?s=96&d=mm&r=g","height":96,"width":96}},"publisher":{"@type":"Organization","name":"bioeden.cz","logo":{"@type":"ImageObject","@id":"\/logo.png","url":"\/logo.png","width":600,"height":60}},"image":null,"wordCount":217,"keywords":null},{"@type":"Article","@id":"https:\/\/www.bioeden.cz\/jak-usetrit-na-vyrobe-vlastni-matrace\/","headline":"Jak u\u0161et\u0159it na v\u00fdrob\u011b vlastn\u00ed matrace","url":"https:\/\/www.bioeden.cz\/jak-usetrit-na-vyrobe-vlastni-matrace\/","datePublished":"2025-03-17","dateModified":"2025-03-17","mainEntityOfPage":"https:\/\/www.bioeden.cz\/jak-usetrit-na-vyrobe-vlastni-matrace\/","author":{"@type":"Person","@id":"https:\/\/www.bioeden.cz\/author\/#Person","name":"","url":"https:\/\/www.bioeden.cz\/author\/","identifier":1,"image":{"@type":"ImageObject","@id":"https:\/\/secure.gravatar.com\/avatar\/87132efef9f5972c3e770e1fb0907fb3dcc1311f82da5f30bffbae0bd81cf8c0?s=96&d=mm&r=g","url":"https:\/\/secure.gravatar.com\/avatar\/87132efef9f5972c3e770e1fb0907fb3dcc1311f82da5f30bffbae0bd81cf8c0?s=96&d=mm&r=g","height":96,"width":96}},"publisher":{"@type":"Organization","name":"bioeden.cz","logo":{"@type":"ImageObject","@id":"\/logo.png","url":"\/logo.png","width":600,"height":60}},"image":{"@type":"ImageObject","@id":"https:\/\/www.bioeden.cz\/wp-content\/uploads\/interior-4132297_640.jpg","url":"https:\/\/www.bioeden.cz\/wp-content\/uploads\/interior-4132297_640.jpg","height":0,"width":0},"wordCount":514,"keywords":null}]},{"@context":"https:\/\/schema.org","@type":"WebSite","@id":"https:\/\/www.bioeden.cz\/#website","name":"Bio Eden","url":"https:\/\/www.bioeden.cz","potentialAction":{"@type":"SearchAction","target":"https:\/\/www.bioeden.cz\/?s={search_term_string}","query-input":"required name=search_term_string"}}]