[{"@context":"https:\/\/schema.org\/","@type":"Article","@id":"https:\/\/www.bioeden.cz\/kuchyne-na-miru\/#Article","mainEntityOfPage":"https:\/\/www.bioeden.cz\/kuchyne-na-miru\/","headline":"Kuchyn\u011b na m\u00edru","name":"Kuchyn\u011b na m\u00edru","description":"Kuchyn\u011b na m\u00edru je n\u011bco, co si \u010dlov\u011bk uv\u011bdom\u00ed, \u017ee opravdu chce, v\u011bt\u0161inou a\u017e v t\u00e9 chv\u00edli, kdy si projde p\u00e1r kompromis\u016f s hotov\u00fdmi linkami z obchodu. Jde o to, \u017ee jsou lid\u00e9, kter\u00fdm vyhovuje si n\u011bco naj\u00edt v katalogu nebo se pod\u00edvat v obchod\u011b a nechaj\u00ed si kuchy\u0148 p\u0159iv\u00e9zt dom\u016f. Vyberou si to a...","datePublished":"2025-07-08","dateModified":"2025-07-08","author":{"@type":"Person","@id":"https:\/\/www.bioeden.cz\/author\/#Person","name":"","url":"https:\/\/www.bioeden.cz\/author\/","identifier":1,"image":{"@type":"ImageObject","@id":"https:\/\/secure.gravatar.com\/avatar\/87132efef9f5972c3e770e1fb0907fb3dcc1311f82da5f30bffbae0bd81cf8c0?s=96&d=mm&r=g","url":"https:\/\/secure.gravatar.com\/avatar\/87132efef9f5972c3e770e1fb0907fb3dcc1311f82da5f30bffbae0bd81cf8c0?s=96&d=mm&r=g","height":96,"width":96}},"publisher":{"@type":"Organization","name":"bioeden.cz","logo":{"@type":"ImageObject","@id":"\/logo.png","url":"\/logo.png","width":600,"height":60}},"image":{"@type":"ImageObject","@id":"https:\/\/www.bioeden.cz\/wp-content\/uploads\/kitchen-9011230_640_10.jpg","url":"https:\/\/www.bioeden.cz\/wp-content\/uploads\/kitchen-9011230_640_10.jpg","height":0,"width":0},"url":"https:\/\/www.bioeden.cz\/kuchyne-na-miru\/","about":["N\u00e1kupy"],"wordCount":463,"articleBody":"       Kuchyn\u011b na m\u00edru je n\u011bco, co si \u010dlov\u011bk uv\u011bdom\u00ed, \u017ee opravdu chce, v\u011bt\u0161inou a\u017e v t\u00e9 chv\u00edli, kdy si projde p\u00e1r kompromis\u016f s hotov\u00fdmi linkami z obchodu. Jde o to, \u017ee jsou lid\u00e9, kter\u00fdm vyhovuje si n\u011bco naj\u00edt v katalogu nebo se pod\u00edvat v obchod\u011b a nechaj\u00ed si kuchy\u0148 p\u0159iv\u00e9zt dom\u016f. Vyberou si to a p\u0159ivezou dom\u016f a za\u010dnou montovat a hotovo. Jen\u017ee kolikr\u00e1t \u010dlov\u011bk zjist\u00ed, \u017ee mu chyb\u00ed n\u011bjak\u00fd ten \u0161roubek, ba n\u011bkdy i dokonce cel\u00e9 \u0161uple. Ano i to se stane. Pracovn\u00ed plocha je vlastn\u011b mal\u00e1, proto\u017ee v osv\u011btlen\u00e9m obchod\u011b, nebo luxusn\u011b nafocen\u00e9m katalogu to prost\u011b vypadalo l\u00e9pe. Dv\u00ed\u0159ka vlastn\u011b nar\u00e1\u017eej\u00ed do zdi a vlastn\u011b m\u00e1 \u010dlov\u011bk pocit, jako by si dom\u016f p\u0159ivezl \u00fapln\u011b jinou kuchyni. A tady se uk\u00e1\u017ee kouzlo kuchyn\u011b na m\u00edru. Nen\u00ed to jen to, \u017ee si vybere\u0161 barvu nebo materi\u00e1l, ale je to pr\u00e1v\u011b o tom, \u017ee ten prostor je p\u0159esn\u011b podle tv\u00fdch pot\u0159eb. \u017de \u0161upl\u00edk na p\u0159\u00edbory je p\u0159esn\u011b tam, kam s\u00e1hne\u0161, nebo dos\u00e1hne\u0161, kdy\u017e pot\u0159ebuje\u0161 vidli\u010dku, \u017ee hrnce jsou v \u00farovni ruky a nemus\u00ed\u0161 se k nim neust\u00e1le skl\u00e1n\u011bt, \u017ee m\u00e1\u0161 dost sv\u011btla p\u0159esn\u011b tam, kde kr\u00e1j\u00ed\u0161 cibuli. Ka\u017ed\u00fd kout se vyu\u017eije, \u017e\u00e1dn\u00e9 hluch\u00e9 m\u00edsto, \u017e\u00e1dn\u00e9 provizorium. A nav\u00edc se m\u016f\u017ee\u0161 vy\u0159\u00e1dit i na vzhledu. Jestli chce\u0161 \u010dist\u00fd minimalismus, nebo tepl\u00fd rustik\u00e1ln\u00ed styl, jestli m\u00e1 linka z\u00e1\u0159it b\u00edlou, nebo m\u00edt sytou barvu, kter\u00e1 bude dominovat cel\u00e9mu tv\u00e9mu kr\u00e1sn\u00e9mu bytu, a to v\u0161echno je jen a jen na tob\u011b. Je \u00fa\u017easn\u00e9, kdy\u017e ti n\u011bkdo ud\u011bl\u00e1 n\u00e1vrh podle toho, jak \u017eije\u0161, ne podle toho, co zrovna vy\u0161lo z v\u00fdroby. No a potom v\u0161em p\u0159ijde moment, kdy stoj\u00ed\u0161 v t\u00e9 kr\u00e1sn\u00e9 nov\u00e9 kuchyni, v\u0161echno je\u0161t\u011b von\u00ed novotou a ty si v hlav\u011b p\u0159edstavuje\u0161, jak tady r\u00e1no sed\u00ed\u0161 s k\u00e1vou, jak ve\u010der s p\u0159\u00e1teli otev\u00edr\u00e1\u0161 v\u00edno, jak d\u011btem pod\u00e1v\u00e1\u0161 tal\u00ed\u0159e s ve\u010de\u0159\u00ed. Kuchyn\u011b na m\u00edru je v\u00edc ne\u017e jen m\u00edsto na va\u0159en\u00ed. Je to prostor, kter\u00fd se ti p\u0159izp\u016fsob\u00ed, ne naopak. A ka\u017ed\u00fd den ti p\u0159ipom\u00edn\u00e1, \u017ee st\u00e1lo za to si \u0159\u00edct, co opravdu chce\u0161, a ne se sm\u00ed\u0159it s t\u00edm, co bylo k m\u00e1n\u00ed. No a ceny kuchyn\u00ed na m\u00edru jsou v dne\u0161n\u00ed dob\u011b u\u017e dost podobn\u00e9 t\u011bm, kter\u00e9 si objedn\u00e1\u0161 v katalogu.                                                                                                                                                                                                                                                                                                                                                                                          4.3\/5 - (10 votes)        "},{"@context":"https:\/\/schema.org\/","@type":"BreadcrumbList","itemListElement":[{"@type":"ListItem","position":1,"name":"Kuchyn\u011b na m\u00edru","item":"https:\/\/www.bioeden.cz\/kuchyne-na-miru\/#breadcrumbitem"}]}]