[{"@context":"https:\/\/schema.org\/","@type":"Article","@id":"https:\/\/www.bioeden.cz\/kam-na-dovolenou\/#Article","mainEntityOfPage":"https:\/\/www.bioeden.cz\/kam-na-dovolenou\/","headline":"Kam na dovolenou","name":"Kam na dovolenou","description":"V\u011bt\u0161ina lid\u00ed, ji\u017e m\u00e1 asi d\u00e1vno vybr\u00e1no, ale jsou takov\u00ed, kte\u0159\u00ed dosud \u010dekali t\u0159eba na term\u00edn, nebo na n\u00e1pad. A ten zde naleznou. Vy, kte\u0159\u00ed st\u00e1le je\u0161t\u011b nem\u00e1te jasno, zbyst\u0159ete, proto\u017ee zde v\u00e1m bude nab\u00eddnuto ubytov\u00e1n\u00ed pro rodiny s d\u011btmi Beskydy. Pro\u010d zrovna zde? Hovo\u0159\u00ed pro to spousta argument\u016f. Hned ten prvn\u00ed je takov\u00fd, \u017ee...","datePublished":"2025-06-05","dateModified":"2025-06-05","author":{"@type":"Person","@id":"https:\/\/www.bioeden.cz\/author\/#Person","name":"","url":"https:\/\/www.bioeden.cz\/author\/","identifier":1,"image":{"@type":"ImageObject","@id":"https:\/\/secure.gravatar.com\/avatar\/87132efef9f5972c3e770e1fb0907fb3dcc1311f82da5f30bffbae0bd81cf8c0?s=96&d=mm&r=g","url":"https:\/\/secure.gravatar.com\/avatar\/87132efef9f5972c3e770e1fb0907fb3dcc1311f82da5f30bffbae0bd81cf8c0?s=96&d=mm&r=g","height":96,"width":96}},"publisher":{"@type":"Organization","name":"bioeden.cz","logo":{"@type":"ImageObject","@id":"\/logo.png","url":"\/logo.png","width":600,"height":60}},"image":{"@type":"ImageObject","@id":"https:\/\/www.bioeden.cz\/wp-content\/uploads\/forest-5245917_640_1.jpg","url":"https:\/\/www.bioeden.cz\/wp-content\/uploads\/forest-5245917_640_1.jpg","height":0,"width":0},"url":"https:\/\/www.bioeden.cz\/kam-na-dovolenou\/","about":["Byznys"],"wordCount":420,"articleBody":"      V\u011bt\u0161ina lid\u00ed, ji\u017e m\u00e1 asi d\u00e1vno vybr\u00e1no, ale jsou takov\u00ed, kte\u0159\u00ed dosud \u010dekali t\u0159eba na term\u00edn, nebo na n\u00e1pad. A ten zde naleznou. Vy, kte\u0159\u00ed st\u00e1le je\u0161t\u011b nem\u00e1te jasno, zbyst\u0159ete, proto\u017ee zde v\u00e1m bude nab\u00eddnuto ubytov\u00e1n\u00ed pro rodiny s d\u011btmi Beskydy. Pro\u010d zrovna zde? Hovo\u0159\u00ed pro to spousta argument\u016f. Hned ten prvn\u00ed je takov\u00fd, \u017ee sem budete m\u00edt vlastn\u011b kousek z kter\u00e9hokoli koutu Moravy. Je to vlastn\u011b na\u0161e nej poho\u0159\u00ed s kr\u00e1sn\u00fdmi v\u00fdhledy a nespo\u010dtem n\u00e1dhern\u00fdch z\u00e1kout\u00ed. A je naprosto jedno, ze kter\u00e9ho sm\u011bru to berete. Jak jist\u011b v\u00edte, nejvy\u0161\u0161\u00ed horou u n\u00e1s je Lys\u00e1 hora, tedy abychom byli p\u0159esn\u00ed, je nejvy\u0161\u0161\u00ed horou Moravskoslezsk\u00fdch Beskyd. Pokud bychom pak cht\u011bli b\u00fdt zem\u011bpisecky \u00fapln\u011b p\u0159esn\u00ed, poho\u0159\u00ed s nejvy\u0161\u0161\u00ed horou nejsou Krkono\u0161e se Sn\u011b\u017ekou, mimochodem nejvy\u0161\u0161\u00ed bod je stejn\u011b v Polsku, ale pr\u00e1v\u011b Beskydy. Zem\u011bpisn\u011b je jejich nejvy\u0161\u0161\u00ed hora Babia hora, kter\u00e1 je je\u0161t\u011b vy\u0161\u0161\u00ed ne\u017e Sn\u011b\u017eka a le\u017e\u00ed tak\u00e9 v Polsku. My v\u0161ak z\u016fstaneme v na\u0161\u00ed, moravsk\u00e9 \u010d\u00e1sti. A m\u016f\u017eeme klidn\u011b z\u016fstat tam, kde budete bydlet, pokud jste klikli na ten odkaz jinou barvou na za\u010d\u00e1tku \u010dl\u00e1nku. Pokud jste to je\u0161t\u011b neud\u011blali, tak to rychle prove\u010fte, proto\u017ee se m\u016f\u017ee snadno st\u00e1t, \u017ee bude plno. My, chv\u00edli po\u010dk\u00e1me. Nu\u017ee, pokud ji\u017e tedy m\u00e1te ubytov\u00e1n\u00ed zaji\u0161t\u011bno a jste v\u016fbec poprv\u00e9 v Beskydech, mohou se v\u00e1m hodit tipy na v\u00fdlet. Jeden budete m\u00edt kous\u00ed\u010dek. Hned za chalupou, kde budete pob\u00fdvat ve vysok\u00e9m komfortu m\u00e1te tak\u00e9 lanovku, kterou m\u016f\u017eete vyjet na nejbli\u017e\u0161\u00ed vr\u0161ek a odsud je ji\u017e dal\u0161\u00ed v\u00fdb\u011br tras jen na v\u00e1s. Pokud m\u00e1te auto a chce se v\u00e1m kousek popojet, tak rozhodn\u011b nesm\u00edte vynechat n\u00e1v\u0161t\u011bvu Prost\u0159edn\u00edch Be\u010dvy s proslul\u00fdm hotelem Zavadilka, kter\u00fd je ji op\u011bt v provozu. Odtud pak vyje\u010fte nahoru na Pustevny. Zde se ji\u017e ta n\u00e1dhera popsat ned\u00e1, to prost\u011b mus\u00edte vid\u011bt. Pokud stihnete je\u0161t\u011b v\u00fdlet na Gigulu jak se tu \u0159\u00edk\u00e1 Lys\u00e9 ho\u0159e, bude to va\u0161e velk\u00e9 plus. Pokud budete m\u00edt \u0161t\u011bst\u00ed, lze z n\u00ed dohl\u00e9dnout a\u017e na ji\u017e citovanou Sn\u011b\u017eku.                                                                                                                                                                                                                                                                                                                                                                                           3.9\/5 - (7 votes)        "},{"@context":"https:\/\/schema.org\/","@type":"BreadcrumbList","itemListElement":[{"@type":"ListItem","position":1,"name":"Kam na dovolenou","item":"https:\/\/www.bioeden.cz\/kam-na-dovolenou\/#breadcrumbitem"}]}]