[{"@context":"https:\/\/schema.org\/","@type":"Article","@id":"https:\/\/www.bioeden.cz\/jarni-detox-zacina-u-pokozky-a-vlasu\/#Article","mainEntityOfPage":"https:\/\/www.bioeden.cz\/jarni-detox-zacina-u-pokozky-a-vlasu\/","headline":"Jarn\u00ed detox za\u010d\u00edn\u00e1 u poko\u017eky a vlas\u016f","name":"Jarn\u00ed detox za\u010d\u00edn\u00e1 u poko\u017eky a vlas\u016f","description":"Spokojen\u00e9 t\u011blo je toti\u017e vizitkou rozz\u00e1\u0159en\u00e9 mysli, se kterou bude radost vstupovat do jarn\u00edho probouzej\u00edc\u00edho se obdob\u00ed. Na ka\u017ed\u00e9ho z n\u00e1s dopadaj\u00ed klimatick\u00e9 zm\u011bny, ale tak\u00e9 ovzdu\u0161\u00ed jako takov\u00e9, smog, prach nebo dokonce i slune\u010dn\u00ed z\u00e1\u0159en\u00ed. V\u011bt\u0161ina z n\u00e1s si v\u00edce uv\u011bdomuje, \u017ee n\u00e1\u0161 organismus je zanesen, a proto se tak\u00e9 sna\u017e\u00edme naj\u00edt zp\u016fsoby, jak...","datePublished":"2025-03-03","dateModified":"2023-05-03","author":{"@type":"Person","@id":"https:\/\/www.bioeden.cz\/author\/#Person","name":"","url":"https:\/\/www.bioeden.cz\/author\/","identifier":1,"image":{"@type":"ImageObject","@id":"https:\/\/secure.gravatar.com\/avatar\/87132efef9f5972c3e770e1fb0907fb3dcc1311f82da5f30bffbae0bd81cf8c0?s=96&d=mm&r=g","url":"https:\/\/secure.gravatar.com\/avatar\/87132efef9f5972c3e770e1fb0907fb3dcc1311f82da5f30bffbae0bd81cf8c0?s=96&d=mm&r=g","height":96,"width":96}},"publisher":{"@type":"Organization","name":"bioeden.cz","logo":{"@type":"ImageObject","@id":"\/logo.png","url":"\/logo.png","width":600,"height":60}},"image":{"@type":"ImageObject","@id":"https:\/\/www.bioeden.cz\/wp-content\/uploads\/img_a339780_w2365_t1552840656.jpg","url":"https:\/\/www.bioeden.cz\/wp-content\/uploads\/img_a339780_w2365_t1552840656.jpg","height":0,"width":0},"url":"https:\/\/www.bioeden.cz\/jarni-detox-zacina-u-pokozky-a-vlasu\/","wordCount":509,"articleBody":"Spokojen\u00e9 t\u011blo je toti\u017e vizitkou rozz\u00e1\u0159en\u00e9 mysli, se kterou bude radost vstupovat do jarn\u00edho probouzej\u00edc\u00edho se obdob\u00ed. Na ka\u017ed\u00e9ho z n\u00e1s dopadaj\u00ed klimatick\u00e9 zm\u011bny, ale tak\u00e9 ovzdu\u0161\u00ed jako takov\u00e9, smog, prach nebo dokonce i slune\u010dn\u00ed z\u00e1\u0159en\u00ed. V\u011bt\u0161ina z n\u00e1s si v\u00edce uv\u011bdomuje, \u017ee n\u00e1\u0161 organismus je zanesen, a proto se tak\u00e9 sna\u017e\u00edme naj\u00edt zp\u016fsoby, jak o\u010distit nejenom na\u0161i planetu, ale tak\u00e9 sebe sama. Bez omezen\u00ed m\u00e1me mo\u017enost zvolit si zm\u011bnu \u017eivotn\u00edho stylu a db\u00e1t na to, abychom nap\u0159\u00edklad jedli zdrav\u011b nebo zbyte\u010dn\u011b nepl\u00fdtvali potravinami. Nadbyte\u010dn\u00e9 mno\u017estv\u00ed odpadu neprosp\u00edv\u00e1 ani zemi, ani n\u00e1m. Jaro je tedy symbolem nov\u00e9ho za\u010d\u00e1tku, o\u010disty, a proto bychom m\u011bli za\u010d\u00edt co nejd\u0159\u00edve.  Detoxikujeme poko\u017eku Ani bychom ne\u0159ekli, \u017ee nen\u00e1padn\u00fd pol\u00e9tav\u00fd prach je nep\u0159\u00edtelem na\u0161\u00ed poko\u017eky. Spolu s kou\u0159em z tov\u00e1ren a v\u00fdfukov\u00fdmi plyny, se t\u011blo br\u00e1n\u00ed zv\u00fd\u0161enou produkc\u00ed mazu, \u010d\u00edm\u017e vznikaj\u00ed ucpan\u00e9 p\u00f3ry. Ty je ale t\u0159eba vy\u010distit, proto\u017ee jinak hroz\u00ed zan\u00edcen\u00ed poko\u017eky a jej\u00edmu rychlej\u0161\u00edmu st\u00e1rnut\u00ed. Tak\u00e9 mobiln\u00ed telefony a monitory televiz\u00ed vyza\u0159uj\u00ed vlny, kter\u00e9 m\u016f\u017eou zp\u016fsobit vznik pigmentov\u00fdch skvrn. Na\u0161t\u011bst\u00ed je tu pl\u00e1n, jak ple\u0165 vy\u010distit. \u00b7 Ka\u017ed\u00fd den by m\u011blo b\u00fdt samoz\u0159ejmost\u00ed ve\u010dern\u00ed odl\u00ed\u010den\u00ed, proto\u017ee krom\u011b make-upu, se odstran\u00ed i ne\u010distoty. \u00b7 Peeling je nejlep\u0161\u00ed volbou p\u0159i boji s odum\u0159el\u00fdmi \u010d\u00e1ste\u010dkami k\u016f\u017ee, aby se ple\u0165 rozz\u00e1\u0159ila. \u00b7 Pou\u017eit\u00ed tonika vyrovn\u00e1v\u00e1 pH. \u00b7 Regeneraci zajist\u00ed masky, kter\u00e9 pleti dopln\u00ed hydrataci a poskytnou ochranu p\u0159ed vn\u011bj\u0161\u00edmi vlivy. \u00b7 Nakonec je k dost\u00e1n\u00ed i detoxika\u010dn\u00ed kr\u00e9m, kter\u00fd poko\u017eku vy\u017eiv\u00ed, ale tak\u00e9 zamez\u00ed protiz\u00e1n\u011btliv\u00fdm proces\u016fm.  Detoxikujeme vlasy Ka\u017edodenn\u00ed z\u00e1t\u011b\u017e\u00ed, ani\u017e bychom si to uv\u011bdomovali, proch\u00e1zej\u00ed i na\u0161e vlasy. Vzduch, slunce, v\u00edtr, sn\u00edh i mr\u00e1z, stejn\u011b tak voda v mo\u0159i nebo baz\u00e9nu, tohle v\u0161echno je pro na\u0161i bujnou k\u0161tici z\u00e1t\u011b\u017e\u00ed. K tomu se je\u0161t\u011b p\u0159idaj\u00ed i zbytky po laku na vlasy a cel\u00e1 h\u0159\u00edva je najednou slab\u00e1 a bez lesku. Jak odstranit z vlas\u016f denn\u00ed ne\u010distoty a prov\u00e9st jarn\u00ed o\u010distu? \u00b7 Je d\u016fle\u017eit\u00e9 si vlasy roz\u010desat, a to kvalitn\u00edm kart\u00e1\u010dem nebo h\u0159ebenem, aby se z nich uvolnily zbytky stylingov\u00fdch p\u0159\u00edpravk\u016f. \u00b7 Speci\u00e1ln\u00ed peelingy, kter\u00e9 jsou k dost\u00e1n\u00ed v drogeri\u00edch, pomohou prokrvit poko\u017eku hlavy. \u00b7 Po peelingu je vhodn\u00e9 do vlas\u016f vmas\u00edrovat pe\u010duj\u00edc\u00ed \u0161ampon a vlasy d\u016fkladn\u011b vym\u00fdt, p\u0159\u00edpravky pro detox vlasy jemn\u011b vy\u010dist\u00ed a zklidn\u00ed poko\u017eku na hlav\u011b. \u00b7 V neposledn\u00ed \u0159ad\u011b nesm\u00edme zapomenout na vlasovou v\u00fd\u017eivu, tedy regenera\u010dn\u00ed nebo pe\u010duj\u00edc\u00ed masku.                                                                                                                                                                                                                                                                                                                                                                                         4\/5 - (8 votes)        "},{"@context":"https:\/\/schema.org\/","@type":"BreadcrumbList","itemListElement":[{"@type":"ListItem","position":1,"name":"Jarn\u00ed detox za\u010d\u00edn\u00e1 u poko\u017eky a vlas\u016f","item":"https:\/\/www.bioeden.cz\/jarni-detox-zacina-u-pokozky-a-vlasu\/#breadcrumbitem"}]}]