[{"@context":"https:\/\/schema.org\/","@type":"Article","@id":"https:\/\/www.bioeden.cz\/brat-s-sebou-zvire-na-dovolenou\/#Article","mainEntityOfPage":"https:\/\/www.bioeden.cz\/brat-s-sebou-zvire-na-dovolenou\/","headline":"Br\u00e1t s sebou zv\u00ed\u0159e na dovolenou?","name":"Br\u00e1t s sebou zv\u00ed\u0159e na dovolenou?","description":"N\u011bkte\u0159\u00ed lid\u00e9 jezd\u00ed v\u00edce ne\u017e r\u00e1di na dovolenou. Ur\u010dit\u011b se nem\u016f\u017eeme divit, proto\u017ee je jasn\u00e9, \u017ee takov\u00e1 dovolen\u00e1 prosp\u011bje ka\u017ed\u00e9mu z\u00a0n\u00e1s. Jsou ale lid\u00e9, kte\u0159\u00ed nejsou schopni bez n\u011bkter\u00fdch v\u011bc\u00ed nebo zv\u00ed\u0159at vycestovat, tak\u017ee se sna\u017e\u00ed ud\u011blat maximum proto, aby sv\u00e9ho zv\u00ed\u0159ec\u00edho mazl\u00ed\u010dka mohli vz\u00edt s\u00a0sebou. N\u011bkde je mo\u017en\u00e9 sv\u00e9ho mazl\u00ed\u010dka s\u00a0sebou vz\u00edt, ale jsou...","datePublished":"2022-08-16","dateModified":"2023-05-03","author":{"@type":"Person","@id":"https:\/\/www.bioeden.cz\/author\/#Person","name":"","url":"https:\/\/www.bioeden.cz\/author\/","identifier":1,"image":{"@type":"ImageObject","@id":"https:\/\/secure.gravatar.com\/avatar\/87132efef9f5972c3e770e1fb0907fb3dcc1311f82da5f30bffbae0bd81cf8c0?s=96&d=mm&r=g","url":"https:\/\/secure.gravatar.com\/avatar\/87132efef9f5972c3e770e1fb0907fb3dcc1311f82da5f30bffbae0bd81cf8c0?s=96&d=mm&r=g","height":96,"width":96}},"publisher":{"@type":"Organization","name":"bioeden.cz","logo":{"@type":"ImageObject","@id":"\/logo.png","url":"\/logo.png","width":600,"height":60}},"image":{"@type":"ImageObject","@id":"https:\/\/www.bioeden.cz\/wp-content\/uploads\/pes_7.JPG","url":"https:\/\/www.bioeden.cz\/wp-content\/uploads\/pes_7.JPG","height":0,"width":0},"url":"https:\/\/www.bioeden.cz\/brat-s-sebou-zvire-na-dovolenou\/","about":["Zv\u00ed\u0159ata"],"wordCount":474,"articleBody":"N\u011bkte\u0159\u00ed lid\u00e9 jezd\u00ed v\u00edce ne\u017e r\u00e1di na dovolenou. Ur\u010dit\u011b se nem\u016f\u017eeme divit, proto\u017ee je jasn\u00e9, \u017ee takov\u00e1 dovolen\u00e1 prosp\u011bje ka\u017ed\u00e9mu z\u00a0n\u00e1s. Jsou ale lid\u00e9, kte\u0159\u00ed nejsou schopni bez n\u011bkter\u00fdch v\u011bc\u00ed nebo zv\u00ed\u0159at vycestovat, tak\u017ee se sna\u017e\u00ed ud\u011blat maximum proto, aby sv\u00e9ho zv\u00ed\u0159ec\u00edho mazl\u00ed\u010dka mohli vz\u00edt s\u00a0sebou.N\u011bkde je mo\u017en\u00e9 sv\u00e9ho mazl\u00ed\u010dka s\u00a0sebou vz\u00edt, ale jsou m\u00edsta, kde by v\u00e1s nap\u0159\u00edklad se psem nevzali. Ur\u010dit\u011b je dobr\u00e9 si p\u0159edem n\u011bco takov\u00e9ho zjistit a to zejm\u00e9na, pokud se chyst\u00e1te do zahrani\u010d\u00ed a to je\u0161t\u011b nav\u00edc do n\u011bjak\u00e9ho hotelu.Je mo\u017en\u00e9, \u017ee zjist\u00edte, \u017ee zv\u00ed\u0159ec\u00edho mazl\u00ed\u010dka si s\u00a0sebou vz\u00edt nesm\u00edte a i p\u0159esto, \u017ee se v\u00e1m n\u011bco takov\u00e9ho nebude l\u00edbit, nic s\u00a0t\u00edm neud\u011bl\u00e1te. Najde se jen m\u00e1lo hotel\u016f, kde jim nevad\u00ed to, \u017ee si s\u00a0sebou \u010dlov\u011bk doveze n\u011bjak\u00e9 to zv\u00ed\u0159e.M\u011bli byste rad\u011bji po\u010d\u00edtat s\u00a0t\u00edm, \u017ee bude pot\u0159eba zajistit va\u0161emu zv\u00ed\u0159eti po dobu, co budete pry\u010d, hl\u00edd\u00e1n\u00ed. Jist\u011b se najde n\u011bkdo, kdo by v\u00e1m va\u0161e zv\u00ed\u0159e pohl\u00eddal nebo kdo jej bude alespo\u0148 chodit krmit a d\u00e1vat mu vodu, aby dobu bez v\u00e1s zvl\u00e1dnul. Ur\u010dit\u011b byste n\u011b\u010d\u00edm takov\u00fdm m\u011bli pov\u011b\u0159it \u010dlov\u011bka, na kter\u00e9ho je v\u00e1\u0161 zv\u00ed\u0159ec\u00ed mazl\u00ed\u010dek zvykl\u00fd, proto\u017ee jist\u011b s\u00a0takov\u00fdm \u010dlov\u011bkem nebude m\u00edt probl\u00e9m. Pokud byste ale n\u011b\u010d\u00edm takov\u00fdm pov\u011b\u0159ili \u010dlov\u011bka, kter\u00e9ho v\u00e1\u0161 pes nezn\u00e1, nemuselo by to dopadnout dob\u0159e, proto\u017ee pokud je dan\u00fd pes hl\u00edda\u010d, mohl by na dan\u00e9ho \u010dlov\u011bk za\u00fato\u010dit z\u00a0\u010deho\u017e by jist\u011b nikdo nebyl nad\u0161en\u00fd.Jsou v\u011bci, kter\u00e9 si \u010dlov\u011bk mus\u00ed vy\u0159e\u0161it je\u0161t\u011b p\u0159edt\u00edm, ne\u017e se rozhodne jet na dovolenou. Jen tak m\u016f\u017eete b\u00fdt po celou dobu dovolen\u00e9 v\u00a0klidu, proto\u017ee v\u00edte, \u017ee je n\u011bkdo, kdo se o va\u0161e zv\u00ed\u0159e postar\u00e1.\u00a0Je jasn\u00e9, \u017ee pokud by bylo dovoleno vz\u00edt si na takovou dovolenou sv\u00e9 zv\u00ed\u0159\u00e1tko, \u010dlov\u011bk jej s\u00a0sebou r\u00e1d vezme. N\u011bkdy to ale opravdu nen\u00ed mo\u017en\u00e9.\u00a0V\u017edy je dobr\u00e9 v\u0161e \u0159e\u0161it v\u00a0p\u0159edstihu a to nejen v\u00a0p\u0159\u00edpad\u011b zv\u00ed\u0159ete, ale i v\u011bc\u00ed jin\u00fdch. I vy byste m\u011bli ud\u011blat v\u0161e proto, abyste na dovolen\u00e9 nem\u011bli strach o to, jestli jste za\u0159\u00eddili to, co bylo pot\u0159eba za\u0159\u00eddit.                                                                                                                                                                                                                                                                                                                                                                                        4\/5 - (4 votes)        "},{"@context":"https:\/\/schema.org\/","@type":"BreadcrumbList","itemListElement":[{"@type":"ListItem","position":1,"name":"Br\u00e1t s sebou zv\u00ed\u0159e na dovolenou?","item":"https:\/\/www.bioeden.cz\/brat-s-sebou-zvire-na-dovolenou\/#breadcrumbitem"}]}]